{"id":270,"date":"2014-02-04T13:20:32","date_gmt":"2014-02-04T11:20:32","guid":{"rendered":"http:\/\/3718.t3nz4.ntz.de\/?p=270"},"modified":"2026-01-07T09:20:00","modified_gmt":"2026-01-07T07:20:00","slug":"25-06-2011-hochzeit-auf-burg-reichenstein","status":"publish","type":"post","link":"https:\/\/www.musikschule-clauss.de\/?p=270","title":{"rendered":"2011.06.25 &#8211; Hochzeit auf Burg Reichenstein"},"content":{"rendered":"<style type=\"text\/css\"><!-- P { margin-bottom: 0.21cm; }A:link { } --><\/style>\n<p>F\u00fcr einen Event der Extraklasse war unser Musikschulleiter Gerd Clauss am Samstag, den 25.06.2011 unterwegs: als Organist wurde er f\u00fcr eine Hochzeit der Extraklasse in der Kapelle der Burg Reichenstein hoch \u00fcber dem Rhein verpflichtet.<\/p>\n<p>Die Veranstaltung fand in fernsehreifer Umgebung, begleitet durch das Klicken der vielen anwesenden Photografen, auf der \u00fcber tausend Jahre alten Burg statt. Burg Reichenstein ist eine Burg im UNESCO-Welterbe Oberes Mittelrheintal.<\/p>\n<p>Die Trauung wurde als Messe vom Trierer Domvikar Dr. Ulrich Graf von Plettenberg in der burgeigenen Kapelle der ehemaligen Raubritterburg durchgef\u00fchrt.<\/p>\n<p>Neben den geladenen G\u00e4sten war auch Menna Mulugeta, eine TV-bekannte S\u00e4ngerin und mehrfache Preistr\u00e4gerin, als Gaststar und besondere \u00dcberraschung dabei. Mit der jahrelangen Erfahrung als K\u00fcnstlerbegleiter umrahmte Gerd Clauss nicht nur die Messe auf der Orgel der Firma Oberlinger, sonder begleitete auch die schwarze S\u00e4ngerin Menna Mulugeta in gewohnter Perfektion.<\/p>\n<p>Das Programm reichte von Bach bis hin zu Gospels. Der Stimmumfang und die k\u00fcnstlerischen F\u00e4higkeiten der Ausnahmes\u00e4ngerin beeindruckten die Zuh\u00f6rer sofort. Ob Solo oder begleitet &#8211; ein absoluter Genuss. Auch wurde die alte Orgel sicher noch nie so fetzig herangenommen. Mit Tr\u00e4nen in den Augen und heftigem Applaus quittierten die Hochzeitsg\u00e4ste die k\u00fcnstlerischen Einlagen. Auch der junge Saxophonist Niklas Weinrich zeigte gemeinsam mit der S\u00e4ngerin und dem Organisten sein K\u00f6nnen. Die G\u00e4ste und das Brautpaar waren so begeistert, dass sie die Kapelle \u00fcberhaupt nicht verlassen wollten.<\/p>\n<p align=\"LEFT\">Die geniale S\u00e4ngerin Menna Mulutega, ein neuer Star am Soulhimmel!<\/p>\n<p>Im Anschluss fand noch eine lange Hochzeitsfeier in den gro\u00dfz\u00fcgigen R\u00e4umlichkeiten der Burg statt.<\/p>\n<p><a href=\"http:\/\/www.menna-mulugeta.de\/de\/\" target=\"_blank\" rel=\"noopener\">-&gt; Klicken f\u00fcr Infos \u00fcber die S\u00e4ngerin Menna Mulugeta<\/a><br \/>\n<a href=\"http:\/\/www.burg-reichenstein.de\/\" target=\"_blank\" rel=\"noopener\">-&gt; Infos \u00fcber die Burg Reichenstein am Rhein<\/a><\/p>\n<p>&#8230;Bilder folgen<\/p>\n","protected":false},"excerpt":{"rendered":"<p>F\u00fcr einen Event der Extraklasse war unser Musikschulleiter Gerd Clauss am Samstag, den 25.06.2011 unterwegs: als Organist wurde er f\u00fcr eine Hochzeit der Extraklasse in der Kapelle der Burg Reichenstein hoch \u00fcber dem Rhein verpflichtet. Die Veranstaltung fand in fernsehreifer Umgebung, begleitet durch das Klicken der vielen anwesenden Photografen, auf der \u00fcber tausend Jahre alten [&hellip;]<\/p>\n","protected":false},"author":1,"featured_media":0,"comment_status":"closed","ping_status":"open","sticky":false,"template":"","format":"standard","meta":{"footnotes":""},"categories":[1],"tags":[],"class_list":["post-270","post","type-post","status-publish","format-standard","hentry","category-home","has-post-title","has-post-date","has-post-category","has-post-tag","has-post-comment","has-post-author",""],"_links":{"self":[{"href":"https:\/\/www.musikschule-clauss.de\/index.php?rest_route=\/wp\/v2\/posts\/270","targetHints":{"allow":["GET"]}}],"collection":[{"href":"https:\/\/www.musikschule-clauss.de\/index.php?rest_route=\/wp\/v2\/posts"}],"about":[{"href":"https:\/\/www.musikschule-clauss.de\/index.php?rest_route=\/wp\/v2\/types\/post"}],"author":[{"embeddable":true,"href":"https:\/\/www.musikschule-clauss.de\/index.php?rest_route=\/wp\/v2\/users\/1"}],"replies":[{"embeddable":true,"href":"https:\/\/www.musikschule-clauss.de\/index.php?rest_route=%2Fwp%2Fv2%2Fcomments&post=270"}],"version-history":[{"count":5,"href":"https:\/\/www.musikschule-clauss.de\/index.php?rest_route=\/wp\/v2\/posts\/270\/revisions"}],"predecessor-version":[{"id":1220,"href":"https:\/\/www.musikschule-clauss.de\/index.php?rest_route=\/wp\/v2\/posts\/270\/revisions\/1220"}],"wp:attachment":[{"href":"https:\/\/www.musikschule-clauss.de\/index.php?rest_route=%2Fwp%2Fv2%2Fmedia&parent=270"}],"wp:term":[{"taxonomy":"category","embeddable":true,"href":"https:\/\/www.musikschule-clauss.de\/index.php?rest_route=%2Fwp%2Fv2%2Fcategories&post=270"},{"taxonomy":"post_tag","embeddable":true,"href":"https:\/\/www.musikschule-clauss.de\/index.php?rest_route=%2Fwp%2Fv2%2Ftags&post=270"}],"curies":[{"name":"wp","href":"https:\/\/api.w.org\/{rel}","templated":true}]}}