{"id":268,"date":"2014-02-04T13:17:32","date_gmt":"2014-02-04T11:17:32","guid":{"rendered":"http:\/\/3718.t3nz4.ntz.de\/?p=268"},"modified":"2026-01-07T09:21:16","modified_gmt":"2026-01-07T07:21:16","slug":"08-07-2012-sommerabendkonzert-der-stadtkapelle-metzingen","status":"publish","type":"post","link":"https:\/\/www.musikschule-clauss.de\/?p=268","title":{"rendered":"2012.07.08 &#8211; Sommerabendkonzert der Stadtkapelle Metzingen"},"content":{"rendered":"<style type=\"text\/css\"><!-- P { margin-bottom: 0.21cm; } --><\/style>\n<p>Einfach genial!<\/p>\n<p><b>Metzingen<\/b> \u2013 Sommerabendkonzert der Stadtkapelle Metzingen vom 08. Juli 2012<\/p>\n<p>&nbsp;<\/p>\n<p><!--themify_builder_static-->Wenn ein H\u00f6chststufenorchester wie die Stadtkapelle Metzingen, unter der Leitung von Stadtmusikdirektor Bruno Seitz, zum Sommerabendkonzert einl\u00e4dt ist das immer ein besonderer Anlass um Blasmusik der Spitzenklasse zu erleben.<\/p>\n<p><img loading=\"lazy\" decoding=\"async\" src=\"https:\/\/www.musikschule-clauss.de\/wp-content\/uploads\/2014\/02\/08.07.12-22-01-53-300x200.jpg\" width=\"300\" height=\"200\" title=\"08.07.12 22 01 53\" alt=\"08.07.12 22 01 53\" srcset=\"https:\/\/www.musikschule-clauss.de\/wp-content\/uploads\/2014\/02\/08.07.12-22-01-53-300x200.jpg 300w, https:\/\/www.musikschule-clauss.de\/wp-content\/uploads\/2014\/02\/08.07.12-22-01-53.jpg 800w\" sizes=\"auto, (max-width: 300px) 100vw, 300px\" \/><br \/>\n<img loading=\"lazy\" decoding=\"async\" src=\"https:\/\/www.musikschule-clauss.de\/wp-content\/uploads\/2014\/02\/08.07.12-13-53-01-300x200.jpg\" width=\"300\" height=\"200\" title=\"08.07.12 13 53 01\" alt=\"08.07.12 13 53 01\" srcset=\"https:\/\/www.musikschule-clauss.de\/wp-content\/uploads\/2014\/02\/08.07.12-13-53-01-300x200.jpg 300w, https:\/\/www.musikschule-clauss.de\/wp-content\/uploads\/2014\/02\/08.07.12-13-53-01.jpg 800w\" sizes=\"auto, (max-width: 300px) 100vw, 300px\" \/>Auch im Jubil\u00e4uumsjahr (125 Jahre) zog der Dirigent Bruno Seitz am Sonntag, den 08. Juli 2012 s\u00e4mtliche Register der musikalischen Kunst. Nahezu alle musikalische Gattungen wurden abgedeckt um den zahlreichen Zuh\u00f6rern vor dem Rathaus in Metzingen einen kurzweiligen und unterhaltsamen Abend zu bieten<\/p>\n<p>Schon die Jugendkapelle begeisterte mit verschiedenen St\u00fccken aus bekannten Filmen wie der rosarote Panther oder der K\u00f6nig der L\u00f6wen. Dass hier schon die Jugend eine qualitativ hochwertige Musik ablieferte lag sicher auch an der gekonnten Leitung durch Bruno Seitz.<\/p>\n<p>Wie gro\u00df das musikalische Spektrum der Stadtkapelle ist durften dann die Zuh\u00f6rer live erleben. Dem Marsch Opening zur Er\u00f6ffnung folgte ein Medley von Verdi. Adrian Bernardi zeigte als Tubasolist sein K\u00f6nnen im &#8222;Verliebten Dieselflitzer&#8220; und f\u00fchrte hier die Tuba in s\u00e4mtlichen H\u00f6hen und Tiefen gekonnt vor! Im Minutenwalzer von Chopin zeigte Elisabeth Auer als Solistin welche M\u00f6glichkeiten in einem Es-Alt Saxophon stecken.<\/p>\n<p><img loading=\"lazy\" decoding=\"async\" src=\"https:\/\/www.musikschule-clauss.de\/wp-content\/uploads\/2014\/02\/08.07.12-22-04-00-300x200.jpg\" width=\"300\" height=\"200\" title=\"08.07.12 22 04 00\" alt=\"08.07.12 22 04 00\" srcset=\"https:\/\/www.musikschule-clauss.de\/wp-content\/uploads\/2014\/02\/08.07.12-22-04-00-300x200.jpg 300w, https:\/\/www.musikschule-clauss.de\/wp-content\/uploads\/2014\/02\/08.07.12-22-04-00.jpg 800w\" sizes=\"auto, (max-width: 300px) 100vw, 300px\" \/><br \/>\n<img loading=\"lazy\" decoding=\"async\" src=\"https:\/\/www.musikschule-clauss.de\/wp-content\/uploads\/2014\/02\/08.07.12-13-49-40-300x200.jpg\" width=\"300\" height=\"200\" title=\"08.07.12 13 49 40\" alt=\"08.07.12 13 49 40\" srcset=\"https:\/\/www.musikschule-clauss.de\/wp-content\/uploads\/2014\/02\/08.07.12-13-49-40-300x200.jpg 300w, https:\/\/www.musikschule-clauss.de\/wp-content\/uploads\/2014\/02\/08.07.12-13-49-40.jpg 800w\" sizes=\"auto, (max-width: 300px) 100vw, 300px\" \/>Nach Brasilia und der wundersch\u00f6nen Polka Tief im Herzen musste der Moderator Andy Hermann, der gekonnt durch das Programm f\u00fchrte, auf eine Programm\u00e4nderung hinweisen.<\/p>\n<p>Auf Grund des 20-j\u00e4hrigen Jubilu\u00e4ums von SMD Bruno Seitz bei der Stadtkapelle Metzingen hat sich die Stadtkapelle Metzingen etwas ganz Besonderes einfallen lassen: passend zu seinem Hobby, die Jagd, haben ihm Mitglieder der Stadtkapelle einen Dr\u00fcckjagdsitz gebaut der ihm feierlich vor dem Rathaus \u00fcberreicht wurde und auf dem er Platz nehmen durfte. Aber das war noch nicht alles, denn als besondere \u00dcberraschung bekam er von der Stadtkapelle ein extra f\u00fcr ihn komponiertes St\u00fcck von Gerd Clauss \u00fcberreicht. Diese etwas andere Polka, mit dem Titel &#8222;Einfach genial &#8211; 20 Jahre Bruno Seitz bei der SK Metzingen&#8220;, wurde ihm und den Zuh\u00f6rern von der Stadtkapelle unter der Leitung vom Komponisten Gerd Clauss vorgespielt.Der sichtlich \u00fcberraschte Bruno Seitz genoss diesen Programmpunkt von seinem Hochsitz aus.<\/p>\n<p><img loading=\"lazy\" decoding=\"async\" src=\"https:\/\/www.musikschule-clauss.de\/wp-content\/uploads\/2014\/02\/08.07.12-22-04-53-300x450.jpg\" width=\"300\" height=\"450\" title=\"Bruno Seitz\" alt=\"Bruno Seitz\" srcset=\"https:\/\/www.musikschule-clauss.de\/wp-content\/uploads\/2014\/02\/08.07.12-22-04-53-300x450.jpg 300w, https:\/\/www.musikschule-clauss.de\/wp-content\/uploads\/2014\/02\/08.07.12-22-04-53-199x300.jpg 199w, https:\/\/www.musikschule-clauss.de\/wp-content\/uploads\/2014\/02\/08.07.12-22-04-53.jpg 533w\" sizes=\"auto, (max-width: 300px) 100vw, 300px\" \/><\/p>\n<h3> Bruno Seitz<\/h3>\n<p><img loading=\"lazy\" decoding=\"async\" src=\"https:\/\/www.musikschule-clauss.de\/wp-content\/uploads\/2014\/02\/08.07.12-13-54-13-300x200.jpg\" width=\"300\" height=\"200\" title=\"Gerd Clauss\" alt=\"Gerd Clauss\" srcset=\"https:\/\/www.musikschule-clauss.de\/wp-content\/uploads\/2014\/02\/08.07.12-13-54-13-300x200.jpg 300w, https:\/\/www.musikschule-clauss.de\/wp-content\/uploads\/2014\/02\/08.07.12-13-54-13.jpg 800w\" sizes=\"auto, (max-width: 300px) 100vw, 300px\" \/><\/p>\n<h3> Gerd Clauss<\/h3>\n<p><img loading=\"lazy\" decoding=\"async\" src=\"https:\/\/www.musikschule-clauss.de\/wp-content\/uploads\/2014\/02\/08.07.12-13-49-55-300x200.jpg\" width=\"300\" height=\"200\" title=\"Die Stadtkapelle Metzingen\" alt=\"Die Stadtkapelle Metzingen\" srcset=\"https:\/\/www.musikschule-clauss.de\/wp-content\/uploads\/2014\/02\/08.07.12-13-49-55-300x200.jpg 300w, https:\/\/www.musikschule-clauss.de\/wp-content\/uploads\/2014\/02\/08.07.12-13-49-55.jpg 800w\" sizes=\"auto, (max-width: 300px) 100vw, 300px\" \/><\/p>\n<h3> Die Stadtkapelle Metzingen<\/h3>\n<p><img loading=\"lazy\" decoding=\"async\" src=\"https:\/\/www.musikschule-clauss.de\/wp-content\/uploads\/2014\/02\/08.07.12-22-05-01-300x200.jpg\" width=\"300\" height=\"200\" title=\"08.07.12 22 05 01\" alt=\"08.07.12 22 05 01\" srcset=\"https:\/\/www.musikschule-clauss.de\/wp-content\/uploads\/2014\/02\/08.07.12-22-05-01-300x200.jpg 300w, https:\/\/www.musikschule-clauss.de\/wp-content\/uploads\/2014\/02\/08.07.12-22-05-01.jpg 800w\" sizes=\"auto, (max-width: 300px) 100vw, 300px\" \/><br \/>\n<img loading=\"lazy\" decoding=\"async\" src=\"https:\/\/www.musikschule-clauss.de\/wp-content\/uploads\/2014\/02\/08.07.12-22-05-10-300x200.jpg\" width=\"300\" height=\"200\" title=\"08.07.12 22 05 10\" alt=\"08.07.12 22 05 10\">Im Anschluss durfte er dann wieder an das Dirigentpult um mit Golden Swing Time und einem Marsch dem Konzert einen w\u00fcrdigen Abschluss zu verleihen. Nat\u00fcrlich kam das Orchester nicht ohne Zugabe von der B\u00fchne.<\/p>\n<p><!--\/themify_builder_static--><\/p>\n","protected":false},"excerpt":{"rendered":"<p>Einfach genial! Metzingen \u2013 Sommerabendkonzert der Stadtkapelle Metzingen vom 08. Juli 2012 &nbsp; Wenn ein H\u00f6chststufenorchester wie die Stadtkapelle Metzingen, unter der Leitung von Stadtmusikdirektor Bruno Seitz, zum Sommerabendkonzert einl\u00e4dt ist das immer ein besonderer Anlass um Blasmusik der Spitzenklasse zu erleben. Auch im Jubil\u00e4uumsjahr (125 Jahre) zog der Dirigent Bruno Seitz am Sonntag, den [&hellip;]<\/p>\n","protected":false},"author":1,"featured_media":0,"comment_status":"closed","ping_status":"open","sticky":false,"template":"","format":"standard","meta":{"footnotes":""},"categories":[1],"tags":[],"class_list":["post-268","post","type-post","status-publish","format-standard","hentry","category-home","has-post-title","has-post-date","has-post-category","has-post-tag","has-post-comment","has-post-author",""],"_links":{"self":[{"href":"https:\/\/www.musikschule-clauss.de\/index.php?rest_route=\/wp\/v2\/posts\/268","targetHints":{"allow":["GET"]}}],"collection":[{"href":"https:\/\/www.musikschule-clauss.de\/index.php?rest_route=\/wp\/v2\/posts"}],"about":[{"href":"https:\/\/www.musikschule-clauss.de\/index.php?rest_route=\/wp\/v2\/types\/post"}],"author":[{"embeddable":true,"href":"https:\/\/www.musikschule-clauss.de\/index.php?rest_route=\/wp\/v2\/users\/1"}],"replies":[{"embeddable":true,"href":"https:\/\/www.musikschule-clauss.de\/index.php?rest_route=%2Fwp%2Fv2%2Fcomments&post=268"}],"version-history":[{"count":7,"href":"https:\/\/www.musikschule-clauss.de\/index.php?rest_route=\/wp\/v2\/posts\/268\/revisions"}],"predecessor-version":[{"id":1224,"href":"https:\/\/www.musikschule-clauss.de\/index.php?rest_route=\/wp\/v2\/posts\/268\/revisions\/1224"}],"wp:attachment":[{"href":"https:\/\/www.musikschule-clauss.de\/index.php?rest_route=%2Fwp%2Fv2%2Fmedia&parent=268"}],"wp:term":[{"taxonomy":"category","embeddable":true,"href":"https:\/\/www.musikschule-clauss.de\/index.php?rest_route=%2Fwp%2Fv2%2Fcategories&post=268"},{"taxonomy":"post_tag","embeddable":true,"href":"https:\/\/www.musikschule-clauss.de\/index.php?rest_route=%2Fwp%2Fv2%2Ftags&post=268"}],"curies":[{"name":"wp","href":"https:\/\/api.w.org\/{rel}","templated":true}]}}