{"id":265,"date":"2014-02-04T09:49:49","date_gmt":"2014-02-04T07:49:49","guid":{"rendered":"http:\/\/3718.t3nz4.ntz.de\/?p=265"},"modified":"2026-01-09T13:43:34","modified_gmt":"2026-01-09T11:43:34","slug":"26-02-2013-blaeserklasse-beim-tag-der-offenen-tuer-an-der-rea","status":"publish","type":"post","link":"https:\/\/www.musikschule-clauss.de\/?p=265","title":{"rendered":"2014.02.26 &#8211; Bl\u00e4serklasse beim Tag der offenen T\u00fcr an der REA"},"content":{"rendered":"<p>Am Mittwoch 26. Februar 2014 wirkte unsere Bl\u00e4serklasse am Tag der offenen T\u00fcr an der REA mit. Unter Leitung von Gerd Clauss und mit Unterst\u00fctzung von Ren\u00e9 B\u00fcttner boten wir ein ansprechendes Programm.<\/p>\n<p><!--themify_builder_static--><img loading=\"lazy\" decoding=\"async\" src=\"https:\/\/www.musikschule-clauss.de\/wp-content\/uploads\/2014\/03\/IMG_0454-Bla\u0308serklasse-1024x682-570x300.jpg\" width=\"570\" height=\"300\" title=\"Bl\u00e4serklasse der Musikschule Clauss an der REA\" alt=\"Bl\u00e4serklasse der Musikschule Clauss an der REA\"> <\/p>\n<h3> Bl\u00e4serklasse der Musikschule Clauss an der REA <\/h3>\n<p><img loading=\"lazy\" decoding=\"async\" src=\"https:\/\/www.musikschule-clauss.de\/wp-content\/uploads\/2014\/03\/IMG_0423-1024x682-300x200.jpg\" width=\"300\" height=\"200\" title=\"IMG_0423\" alt=\"IMG_0423\" srcset=\"https:\/\/www.musikschule-clauss.de\/wp-content\/uploads\/2014\/03\/IMG_0423-1024x682-300x200.jpg 300w, https:\/\/www.musikschule-clauss.de\/wp-content\/uploads\/2014\/03\/IMG_0423-1024x682.jpg 1024w\" sizes=\"auto, (max-width: 300px) 100vw, 300px\" \/><br \/>\n<img loading=\"lazy\" decoding=\"async\" src=\"https:\/\/www.musikschule-clauss.de\/wp-content\/uploads\/2014\/03\/IMG_0452-1024x682-300x200.jpg\" width=\"300\" height=\"200\" title=\"Unsere Blechbl\u00e4ser\" alt=\"Unsere Blechbl\u00e4ser\" srcset=\"https:\/\/www.musikschule-clauss.de\/wp-content\/uploads\/2014\/03\/IMG_0452-1024x682-300x200.jpg 300w, https:\/\/www.musikschule-clauss.de\/wp-content\/uploads\/2014\/03\/IMG_0452-1024x682.jpg 1024w\" sizes=\"auto, (max-width: 300px) 100vw, 300px\" \/><br \/>\n<img loading=\"lazy\" decoding=\"async\" src=\"https:\/\/www.musikschule-clauss.de\/wp-content\/uploads\/2014\/03\/IMG_0453-1024x682-570x300.jpg\" width=\"570\" height=\"300\" title=\"Eine coole Truppe mit viel Spa\u00df dabei!\" alt=\"Eine coole Truppe mit viel Spa\u00df dabei!\"> <\/p>\n<h3> Eine coole Truppe mit viel Spa\u00df dabei! <\/h3>\n<p><img loading=\"lazy\" decoding=\"async\" src=\"https:\/\/www.musikschule-clauss.de\/wp-content\/uploads\/2014\/03\/IMG_0451-1024x682-570x300.jpg\" width=\"570\" height=\"300\" title=\"Unsere Holzbl\u00e4ser\" alt=\"Unsere Holzbl\u00e4ser\"> <\/p>\n<h3> Unsere Holzbl\u00e4ser <\/h3>\n<p><img loading=\"lazy\" decoding=\"async\" src=\"https:\/\/www.musikschule-clauss.de\/wp-content\/uploads\/2014\/03\/IMG_0450-1024x682-570x300.jpg\" width=\"570\" height=\"300\" title=\"Die Bl\u00e4serklasse unter Leitung von Gerd Clauss\" alt=\"Die Bl\u00e4serklasse unter Leitung von Gerd Clauss\"> <\/p>\n<h3> Die Bl\u00e4serklasse unter Leitung von Gerd Clauss <\/h3>\n<p><!--\/themify_builder_static--><\/p>\n","protected":false},"excerpt":{"rendered":"<p>Am Mittwoch 26. Februar 2014 wirkte unsere Bl\u00e4serklasse am Tag der offenen T\u00fcr an der REA mit. Unter Leitung von Gerd Clauss und mit Unterst\u00fctzung von Ren\u00e9 B\u00fcttner boten wir ein ansprechendes Programm. Bl\u00e4serklasse der Musikschule Clauss an der REA Eine coole Truppe mit viel Spa\u00df dabei! Unsere Holzbl\u00e4ser Die Bl\u00e4serklasse unter Leitung von Gerd [&hellip;]<\/p>\n","protected":false},"author":1,"featured_media":0,"comment_status":"closed","ping_status":"open","sticky":false,"template":"","format":"standard","meta":{"footnotes":""},"categories":[1],"tags":[],"class_list":["post-265","post","type-post","status-publish","format-standard","hentry","category-home","has-post-title","has-post-date","has-post-category","has-post-tag","has-post-comment","has-post-author",""],"_links":{"self":[{"href":"https:\/\/www.musikschule-clauss.de\/index.php?rest_route=\/wp\/v2\/posts\/265","targetHints":{"allow":["GET"]}}],"collection":[{"href":"https:\/\/www.musikschule-clauss.de\/index.php?rest_route=\/wp\/v2\/posts"}],"about":[{"href":"https:\/\/www.musikschule-clauss.de\/index.php?rest_route=\/wp\/v2\/types\/post"}],"author":[{"embeddable":true,"href":"https:\/\/www.musikschule-clauss.de\/index.php?rest_route=\/wp\/v2\/users\/1"}],"replies":[{"embeddable":true,"href":"https:\/\/www.musikschule-clauss.de\/index.php?rest_route=%2Fwp%2Fv2%2Fcomments&post=265"}],"version-history":[{"count":28,"href":"https:\/\/www.musikschule-clauss.de\/index.php?rest_route=\/wp\/v2\/posts\/265\/revisions"}],"predecessor-version":[{"id":1562,"href":"https:\/\/www.musikschule-clauss.de\/index.php?rest_route=\/wp\/v2\/posts\/265\/revisions\/1562"}],"wp:attachment":[{"href":"https:\/\/www.musikschule-clauss.de\/index.php?rest_route=%2Fwp%2Fv2%2Fmedia&parent=265"}],"wp:term":[{"taxonomy":"category","embeddable":true,"href":"https:\/\/www.musikschule-clauss.de\/index.php?rest_route=%2Fwp%2Fv2%2Fcategories&post=265"},{"taxonomy":"post_tag","embeddable":true,"href":"https:\/\/www.musikschule-clauss.de\/index.php?rest_route=%2Fwp%2Fv2%2Ftags&post=265"}],"curies":[{"name":"wp","href":"https:\/\/api.w.org\/{rel}","templated":true}]}}