{"id":263,"date":"2014-02-03T13:47:26","date_gmt":"2014-02-03T11:47:26","guid":{"rendered":"http:\/\/3718.t3nz4.ntz.de\/?p=263"},"modified":"2026-01-07T09:22:22","modified_gmt":"2026-01-07T07:22:22","slug":"27-09-2013-men-at-voice-in-concert","status":"publish","type":"post","link":"https:\/\/www.musikschule-clauss.de\/?p=263","title":{"rendered":"2013.09.27 &#8211; men at voice in Concert in Neckartenzlingen"},"content":{"rendered":"<div>\n<div>\n<div>Am 27.09.2013 nahm men at voice unter Leitung von Gerd Clauss am M\u00e4nnerchor-Konzert in der Melchiorhalle in Neckartenzlingen teil.<br \/>\nAls Highlight pr\u00e4sentierten die M\u00e4nner eine absolut super Show und durften ohne Zugabe die B\u00fchne nicht verlassen.<\/div>\n<\/div>\n<\/div>\n<p><!--themify_builder_static--><img loading=\"lazy\" decoding=\"async\" src=\"https:\/\/www.musikschule-clauss.de\/wp-content\/uploads\/2014\/02\/2013_09_27-06-571x200.jpg\" width=\"571\" height=\"200\" title=\"men at voice\" alt=\"men at voice\"><\/p>\n<h3> men at voice<\/h3>\n<p><img loading=\"lazy\" decoding=\"async\" src=\"https:\/\/www.musikschule-clauss.de\/wp-content\/uploads\/2014\/02\/2013_09_27-08-300x200.jpg\" width=\"300\" height=\"200\" title=\"2013_09_27 08\" alt=\"2013_09_27 08\" srcset=\"https:\/\/www.musikschule-clauss.de\/wp-content\/uploads\/2014\/02\/2013_09_27-08-300x200.jpg 300w, https:\/\/www.musikschule-clauss.de\/wp-content\/uploads\/2014\/02\/2013_09_27-08.jpg 960w\" sizes=\"auto, (max-width: 300px) 100vw, 300px\" \/><br \/>\n<img loading=\"lazy\" decoding=\"async\" src=\"https:\/\/www.musikschule-clauss.de\/wp-content\/uploads\/2014\/02\/2013_09_27-02-300x200.jpg\" width=\"300\" height=\"200\" title=\"2013_09_27 02\" alt=\"2013_09_27 02\"><\/p>\n<h3>Auszug aus dem Pressebericht<\/h3>\n<p>Men at voice bei Querbee(a)t \/ M\u00e4nnerchor-Konzert in Neckartailfingen<\/p>\n<p>Wer am 27.09.2013 in der Melchiorhalle in Neckartenzlingen dabei war, hatte das Gl\u00fcck ein M\u00e4nnerchor-Konzert der Extraklasse zu genie\u00dfen.<\/p>\n<p>Beim gemeinsamen Treffen aller M\u00e4nnerch\u00f6re aus Neckartenzlingen, Schlaitdorf, Altenriet und Neckartailfingen fanden die S\u00e4nger eine voll besetzte Halle vor.<\/p>\n<p>Nach den gelungenen Auftritten der Ch\u00f6re aus Schlaitdorf und Altenriet kam die eigentliche \u00dcberraschung des Abends. Ein junger M\u00e4nnerchor mit dem Namen &#8222;men at voice&#8220; vom S\u00e4ngerbund Neckartailfingen, unter Leitung von Gerd Clauss zeigte den Zuh\u00f6rern welche M\u00f6glichkeiten sich beim M\u00e4nnergesang auch in Richtung Pop und Rock auftun.<\/p>\n<p>Innerhalb weniger Minuten begeisterte die Formation, mit ihrem Chorleiter am Klavier, mit Songs aus der kompletten Pop- und Rockgeschichte. Eine genial einstudierte Choreographie und dazu noch eine nicht zu \u00fcbersehende Freude am Singen und an der Musik entlockte den Zuh\u00f6rern einen nicht enden zu wollenden Applaus. Auch mit Solo-Titel von Elvis Presley oder Robbie Williams, mit dem herrausragenden Solisten Klaus Fey, immer mit dem Chor als Showelement, musikalisch im Background und Gerd Clauss als kongenialem Pianisten, \u00fcberzeugte das Ensemble in vollem Umfang. Men at voice brachte eine starke Performance und so kamen die M\u00e4nner auch nicht ohne eine vom Publikum geforderte Zugabe von den Wise Guys von der B\u00fchne&#8230;.<\/p>\n\n<p><img loading=\"lazy\" decoding=\"async\" src=\"https:\/\/www.musikschule-clauss.de\/wp-content\/uploads\/2014\/02\/2013_09_27-12-600x300.jpg\" width=\"600\" height=\"300\" title=\"2013_09_27 12\" alt=\"2013_09_27 12\"><!--\/themify_builder_static--><\/p>\n<p>&nbsp;<\/p>\n","protected":false},"excerpt":{"rendered":"<p>Am 27.09.2013 nahm men at voice unter Leitung von Gerd Clauss am M\u00e4nnerchor-Konzert in der Melchiorhalle in Neckartenzlingen teil. Als Highlight pr\u00e4sentierten die M\u00e4nner eine absolut super Show und durften ohne Zugabe die B\u00fchne nicht verlassen. men at voice Auszug aus dem Pressebericht Men at voice bei Querbee(a)t \/ M\u00e4nnerchor-Konzert in Neckartailfingen Wer am 27.09.2013 [&hellip;]<\/p>\n","protected":false},"author":1,"featured_media":0,"comment_status":"closed","ping_status":"open","sticky":false,"template":"","format":"standard","meta":{"footnotes":""},"categories":[1],"tags":[],"class_list":["post-263","post","type-post","status-publish","format-standard","hentry","category-home","has-post-title","has-post-date","has-post-category","has-post-tag","has-post-comment","has-post-author",""],"_links":{"self":[{"href":"https:\/\/www.musikschule-clauss.de\/index.php?rest_route=\/wp\/v2\/posts\/263","targetHints":{"allow":["GET"]}}],"collection":[{"href":"https:\/\/www.musikschule-clauss.de\/index.php?rest_route=\/wp\/v2\/posts"}],"about":[{"href":"https:\/\/www.musikschule-clauss.de\/index.php?rest_route=\/wp\/v2\/types\/post"}],"author":[{"embeddable":true,"href":"https:\/\/www.musikschule-clauss.de\/index.php?rest_route=\/wp\/v2\/users\/1"}],"replies":[{"embeddable":true,"href":"https:\/\/www.musikschule-clauss.de\/index.php?rest_route=%2Fwp%2Fv2%2Fcomments&post=263"}],"version-history":[{"count":7,"href":"https:\/\/www.musikschule-clauss.de\/index.php?rest_route=\/wp\/v2\/posts\/263\/revisions"}],"predecessor-version":[{"id":1228,"href":"https:\/\/www.musikschule-clauss.de\/index.php?rest_route=\/wp\/v2\/posts\/263\/revisions\/1228"}],"wp:attachment":[{"href":"https:\/\/www.musikschule-clauss.de\/index.php?rest_route=%2Fwp%2Fv2%2Fmedia&parent=263"}],"wp:term":[{"taxonomy":"category","embeddable":true,"href":"https:\/\/www.musikschule-clauss.de\/index.php?rest_route=%2Fwp%2Fv2%2Fcategories&post=263"},{"taxonomy":"post_tag","embeddable":true,"href":"https:\/\/www.musikschule-clauss.de\/index.php?rest_route=%2Fwp%2Fv2%2Ftags&post=263"}],"curies":[{"name":"wp","href":"https:\/\/api.w.org\/{rel}","templated":true}]}}