{"id":259,"date":"2014-02-03T13:27:58","date_gmt":"2014-02-03T11:27:58","guid":{"rendered":"http:\/\/3718.t3nz4.ntz.de\/?p=259"},"modified":"2026-01-07T09:22:56","modified_gmt":"2026-01-07T07:22:56","slug":"13-09-2013-men-at-voice-als-hochzeitsstartgast","status":"publish","type":"post","link":"https:\/\/www.musikschule-clauss.de\/?p=259","title":{"rendered":"2013.09.13 &#8211; men at voice als Hochzeitsstartgast"},"content":{"rendered":"<div id=\"id_52ef7caf88f807c67299252\">Am Freitag 13.09.2013 wurde men at voice zu einer feinen Hochzeit ins 5 Sterne Hotel Villa Hammerschmiede im sch\u00f6ne Pfinztal bei Pforzheim eingeladen. Unser aktiver S\u00e4nger Markus Flamm und seine bezaubernde Ute feierten an diesem Tage ihre Hochzeit. Mit einem speziellen Shuttlebus wurden wir in Neckartailfingen abgeholt und sp\u00e4ter wieder heimgebracht. Dazwischen wurden wir verw\u00f6hnt mit exclusivem Essen und wir verw\u00f6hnten die G\u00e4ste mit musikalischen Gen\u00fcssen aus unserem gro\u00dfen Repertoire.<\/div>\n<div><\/div>\n<p><!--themify_builder_static--><img loading=\"lazy\" decoding=\"async\" src=\"https:\/\/www.musikschule-clauss.de\/wp-content\/uploads\/2014\/02\/2013_09_13_528_n-300x200.jpg\" width=\"300\" height=\"200\" title=\"Villa Hammerschmiede\" alt=\"Villa Hammerschmiede\" srcset=\"https:\/\/www.musikschule-clauss.de\/wp-content\/uploads\/2014\/02\/2013_09_13_528_n-300x200.jpg 300w, https:\/\/www.musikschule-clauss.de\/wp-content\/uploads\/2014\/02\/2013_09_13_528_n.jpg 960w\" sizes=\"auto, (max-width: 300px) 100vw, 300px\" \/><\/p>\n<h3> Villa Hammerschmiede<\/h3>\n<p><img loading=\"lazy\" decoding=\"async\" src=\"https:\/\/www.musikschule-clauss.de\/wp-content\/uploads\/2014\/02\/2013_09_13_725_n-300x200.jpg\" width=\"300\" height=\"200\" title=\"men at voice\" alt=\"men at voice\" srcset=\"https:\/\/www.musikschule-clauss.de\/wp-content\/uploads\/2014\/02\/2013_09_13_725_n-300x200.jpg 300w, https:\/\/www.musikschule-clauss.de\/wp-content\/uploads\/2014\/02\/2013_09_13_725_n.jpg 960w\" sizes=\"auto, (max-width: 300px) 100vw, 300px\" \/><\/p>\n<h3> men at voice<\/h3>\n<p><img loading=\"lazy\" decoding=\"async\" src=\"https:\/\/www.musikschule-clauss.de\/wp-content\/uploads\/2014\/02\/2013_09_13_715_n-300x200.jpg\" width=\"300\" height=\"200\" title=\"2013_09_13_715_n\" alt=\"2013_09_13_715_n\">Ute und Markus beim Hochzeitswalzer.<\/p>\n<p><img loading=\"lazy\" decoding=\"async\" src=\"https:\/\/www.musikschule-clauss.de\/wp-content\/uploads\/2014\/02\/2013_09_13_052_n-300x200.jpg\" width=\"300\" height=\"200\" title=\"2013_09_13_052_n\" alt=\"2013_09_13_052_n\"><br \/>\n<img loading=\"lazy\" decoding=\"async\" src=\"https:\/\/www.musikschule-clauss.de\/wp-content\/uploads\/2014\/02\/2013_09_13_205_n-300x200.jpg\" width=\"300\" height=\"200\" title=\"Der Br\u00e4utigam singt mit\" alt=\"Der Br\u00e4utigam singt mit\" srcset=\"https:\/\/www.musikschule-clauss.de\/wp-content\/uploads\/2014\/02\/2013_09_13_205_n-300x200.jpg 300w, https:\/\/www.musikschule-clauss.de\/wp-content\/uploads\/2014\/02\/2013_09_13_205_n.jpg 960w\" sizes=\"auto, (max-width: 300px) 100vw, 300px\" \/><\/p>\n<h3> Der Br\u00e4utigam singt mit<\/h3>\n\n<p><!--\/themify_builder_static--><\/p>\n<p>&nbsp;<\/p>\n","protected":false},"excerpt":{"rendered":"<p>Am Freitag 13.09.2013 wurde men at voice zu einer feinen Hochzeit ins 5 Sterne Hotel Villa Hammerschmiede im sch\u00f6ne Pfinztal bei Pforzheim eingeladen. Unser aktiver S\u00e4nger Markus Flamm und seine bezaubernde Ute feierten an diesem Tage ihre Hochzeit. Mit einem speziellen Shuttlebus wurden wir in Neckartailfingen abgeholt und sp\u00e4ter wieder heimgebracht. Dazwischen wurden wir verw\u00f6hnt [&hellip;]<\/p>\n","protected":false},"author":1,"featured_media":0,"comment_status":"closed","ping_status":"open","sticky":false,"template":"","format":"standard","meta":{"footnotes":""},"categories":[1],"tags":[],"class_list":["post-259","post","type-post","status-publish","format-standard","hentry","category-home","has-post-title","has-post-date","has-post-category","has-post-tag","has-post-comment","has-post-author",""],"_links":{"self":[{"href":"https:\/\/www.musikschule-clauss.de\/index.php?rest_route=\/wp\/v2\/posts\/259","targetHints":{"allow":["GET"]}}],"collection":[{"href":"https:\/\/www.musikschule-clauss.de\/index.php?rest_route=\/wp\/v2\/posts"}],"about":[{"href":"https:\/\/www.musikschule-clauss.de\/index.php?rest_route=\/wp\/v2\/types\/post"}],"author":[{"embeddable":true,"href":"https:\/\/www.musikschule-clauss.de\/index.php?rest_route=\/wp\/v2\/users\/1"}],"replies":[{"embeddable":true,"href":"https:\/\/www.musikschule-clauss.de\/index.php?rest_route=%2Fwp%2Fv2%2Fcomments&post=259"}],"version-history":[{"count":7,"href":"https:\/\/www.musikschule-clauss.de\/index.php?rest_route=\/wp\/v2\/posts\/259\/revisions"}],"predecessor-version":[{"id":1230,"href":"https:\/\/www.musikschule-clauss.de\/index.php?rest_route=\/wp\/v2\/posts\/259\/revisions\/1230"}],"wp:attachment":[{"href":"https:\/\/www.musikschule-clauss.de\/index.php?rest_route=%2Fwp%2Fv2%2Fmedia&parent=259"}],"wp:term":[{"taxonomy":"category","embeddable":true,"href":"https:\/\/www.musikschule-clauss.de\/index.php?rest_route=%2Fwp%2Fv2%2Fcategories&post=259"},{"taxonomy":"post_tag","embeddable":true,"href":"https:\/\/www.musikschule-clauss.de\/index.php?rest_route=%2Fwp%2Fv2%2Ftags&post=259"}],"curies":[{"name":"wp","href":"https:\/\/api.w.org\/{rel}","templated":true}]}}