{"id":197,"date":"2014-02-02T11:16:55","date_gmt":"2014-02-02T09:16:55","guid":{"rendered":"http:\/\/3718.t3nz4.ntz.de\/?p=197"},"modified":"2026-01-07T09:23:23","modified_gmt":"2026-01-07T07:23:23","slug":"15-05-2013-abikonzert-gymi-neckartenzlingen","status":"publish","type":"post","link":"https:\/\/www.musikschule-clauss.de\/?p=197","title":{"rendered":"2013.05.15 &#8211; Abikonzert Gymi Neckartenzlingen"},"content":{"rendered":"<p>&nbsp;<\/p>\n<p>&nbsp;<\/p>\n<p><!--themify_builder_static-->Das Gymnasium Neckartenzlingen ist inzwischen bekannt f\u00fcr hervorragende Konzerte der Abiturienten die nach dem schriftlichen Abitur stattfinden. Deshalb war es auch nicht verwunderlich, dass die komplette Aula schon lange vor Konzertbeginn mehr als voll war.<\/p>\n<p><img loading=\"lazy\" decoding=\"async\" src=\"https:\/\/www.musikschule-clauss.de\/wp-content\/uploads\/2014\/02\/Abi2013_Gerd-Clauss1-678x1024-571x300.jpg\" width=\"571\" height=\"300\" title=\"Unser Musikschulleiter Gerd Clauss am Fl\u00fcgel\" alt=\"Unser Musikschulleiter Gerd Clauss am Fl\u00fcgel\"><\/p>\n<h3> Unser Musikschulleiter Gerd Clauss am Fl\u00fcgel<\/h3>\n<p>Auf der B\u00fchne begr\u00fc\u00dften die Moderatoren Marvin Bacher und Lea Blickle die Sch\u00fcler, Eltern und Lehrer und schafften es in charmanter Weise durchs Programm zu f\u00fchren.<\/p>\n<p>Das erste Highlight war der extra f\u00fcr dieses Konzert gegr\u00fcndete Stufenchor unter Leitung von Musikschulleiter Gerd Clauss. Mit viel Power pr\u00e4sentierten die S\u00e4nger, mit Gerd Clauss am Klavier, den Song &#8222;An Tagen wie diesen&#8220; von den Toten Hosen.<\/p>\n<p><img loading=\"lazy\" decoding=\"async\" src=\"https:\/\/www.musikschule-clauss.de\/wp-content\/uploads\/2014\/02\/Abi2013_Oh-hapy-day-2-1024x492-571x300.jpg\" width=\"571\" height=\"300\" title=\"Chor der Abiturienten unter Leitung von Gerd Clauss\" alt=\"Chor der Abiturienten unter Leitung von Gerd Clauss\"><\/p>\n<h3> Chor der Abiturienten unter Leitung von Gerd Clauss<\/h3>\n<p><img loading=\"lazy\" decoding=\"async\" src=\"https:\/\/www.musikschule-clauss.de\/wp-content\/uploads\/2014\/02\/Abi2013_An-Tagen-wie-diesen1-1024x540-571x300.jpg\" width=\"571\" height=\"300\" title=\"An Tagen wie diesen\" alt=\"An Tagen wie diesen\" srcset=\"https:\/\/www.musikschule-clauss.de\/wp-content\/uploads\/2014\/02\/Abi2013_An-Tagen-wie-diesen1-1024x540-571x300.jpg 571w, https:\/\/www.musikschule-clauss.de\/wp-content\/uploads\/2014\/02\/Abi2013_An-Tagen-wie-diesen1-300x158.jpg 300w, https:\/\/www.musikschule-clauss.de\/wp-content\/uploads\/2014\/02\/Abi2013_An-Tagen-wie-diesen1-1024x540.jpg 1024w\" sizes=\"auto, (max-width: 571px) 100vw, 571px\" \/><\/p>\n<h3> An Tagen wie diesen<\/h3>\n<p><img loading=\"lazy\" decoding=\"async\" src=\"https:\/\/www.musikschule-clauss.de\/wp-content\/uploads\/2014\/02\/Abi2013_An-Tagen-wie-diese-21-1024x468-571x300.jpg\" width=\"571\" height=\"300\" title=\"Gemeinsam mit J\u00fcrgen Sturm\" alt=\"Gemeinsam mit J\u00fcrgen Sturm\"><\/p>\n<h3> Gemeinsam mit J\u00fcrgen Sturm<\/h3>\n<p><img loading=\"lazy\" decoding=\"async\" src=\"https:\/\/www.musikschule-clauss.de\/wp-content\/uploads\/2014\/02\/Abi2013_Tanz-Girls-1024x708-300x200.jpg\" width=\"300\" height=\"200\" title=\"Abi2013_Tanz Girls\" alt=\"Abi2013_Tanz Girls\">Die darauf folgende Tanzeinlage gl\u00e4nzte durch eine geniale Choreographie und zeigte wieder einmal, dass M\u00e4nner und Frauen tanzen k\u00f6nnen. Auch hier war das Publikum begeistert.<\/p>\n<p><img loading=\"lazy\" decoding=\"async\" src=\"https:\/\/www.musikschule-clauss.de\/wp-content\/uploads\/2014\/02\/Abi2013_Tanz-Girls-2-1024x468-300x200.jpg\" width=\"300\" height=\"200\" title=\"Abi2013_Tanz Girls 2\" alt=\"Abi2013_Tanz Girls 2\"><br \/>\n<img loading=\"lazy\" decoding=\"async\" src=\"https:\/\/www.musikschule-clauss.de\/wp-content\/uploads\/2014\/02\/Abi2013_Tanz-boys-1024x676-300x200.jpg\" width=\"300\" height=\"200\" title=\"Abi2013_Tanz boys\" alt=\"Abi2013_Tanz boys\">Die romantische Note im Konzert wurde durch Sebastian Glaser und Kevin Klay mit zwei Gitarren und Gesang dargebot<\/p>\n<p><img loading=\"lazy\" decoding=\"async\" src=\"https:\/\/www.musikschule-clauss.de\/wp-content\/uploads\/2014\/02\/Abi2013_Gitarre-Duett1-1024x720-300x200.jpg\" width=\"300\" height=\"200\" title=\"Abi2013_Gitarre Duett\" alt=\"Abi2013_Gitarre Duett\"><br \/>\n<img loading=\"lazy\" decoding=\"async\" src=\"https:\/\/www.musikschule-clauss.de\/wp-content\/uploads\/2014\/02\/Abi2013_Anna-und-Clara1-1022x1024-200x200.jpg\" width=\"200\" height=\"200\" title=\"Abi2013_Anna und Clara\" alt=\"Abi2013_Anna und Clara\" srcset=\"https:\/\/www.musikschule-clauss.de\/wp-content\/uploads\/2014\/02\/Abi2013_Anna-und-Clara1-1022x1024-200x200.jpg 200w, https:\/\/www.musikschule-clauss.de\/wp-content\/uploads\/2014\/02\/Abi2013_Anna-und-Clara1-150x150.jpg 150w, https:\/\/www.musikschule-clauss.de\/wp-content\/uploads\/2014\/02\/Abi2013_Anna-und-Clara1-300x300.jpg 300w, https:\/\/www.musikschule-clauss.de\/wp-content\/uploads\/2014\/02\/Abi2013_Anna-und-Clara1-1022x1024.jpg 1022w, https:\/\/www.musikschule-clauss.de\/wp-content\/uploads\/2014\/02\/Abi2013_Anna-und-Clara1.jpg 1747w\" sizes=\"auto, (max-width: 200px) 100vw, 200px\" \/>Der Musikkurs f\u00fchrte das St\u00fcck &#8222;The Lazy Song&#8220; von Bruno Mars auf, gefolgt von einem Duett von Anna und Clara Stephan mit &#8222;We are the world&#8220;.<\/p>\n<p>Auch das Duett von Lisa Kr\u00f6sche und Felix Trautwein &#8222;Out of my hands&#8220;, einf\u00fchlsam begleitet von Celina Sagunsky an der Gitarre, erzeugte G\u00e4nsehaut. So durften diese nicht ohne Zugabe die B\u00fchne verlassen.<\/p>\n<p><img loading=\"lazy\" decoding=\"async\" src=\"https:\/\/www.musikschule-clauss.de\/wp-content\/uploads\/2014\/02\/Abi2013_Felix-Lisa-Celina1-1024x706-300x200.jpg\" width=\"300\" height=\"200\" title=\"Abi2013_Felix Lisa Celina\" alt=\"Abi2013_Felix Lisa Celina\">Nach der Pause erschien geballte Frauenpower auf der B\u00fchne: der M\u00e4dchenchor der Abiturienten zeigte mit ihrem Chorleiter Gerd Clauss was in ihnen steckt. Mit einer pr\u00e4zisen mehrstimmigen Interpretation von &#8222;Dancing Queen&#8220; war die Show perfekt.<\/p>\n<p><img loading=\"lazy\" decoding=\"async\" src=\"https:\/\/www.musikschule-clauss.de\/wp-content\/uploads\/2014\/02\/Abi2013_Dancing-Queen1-1024x685-571x300.jpg\" width=\"571\" height=\"300\" title=\"Abi2013_Dancing Queen\" alt=\"Abi2013_Dancing Queen\">Eine etwas h\u00e4rtere Einlage an der E-Gitarre kam von Rouven Sch\u00f6nhof. Er \u00fcberzeugte sowohl solistisch wie auch mit Lautst\u00e4rke bei einer Nummer von Metallica.<\/p>\n<p><img loading=\"lazy\" decoding=\"async\" src=\"https:\/\/www.musikschule-clauss.de\/wp-content\/uploads\/2014\/02\/Abi2013_Rouven-300x300.jpg\" width=\"300\" height=\"300\" title=\"Abi2013_Rouven\" alt=\"Abi2013_Rouven\" srcset=\"https:\/\/www.musikschule-clauss.de\/wp-content\/uploads\/2014\/02\/Abi2013_Rouven-300x300.jpg 300w, https:\/\/www.musikschule-clauss.de\/wp-content\/uploads\/2014\/02\/Abi2013_Rouven-150x150.jpg 150w\" sizes=\"auto, (max-width: 300px) 100vw, 300px\" \/>Als ehemaliger stellvertretender Schulleiter des Gymnasiums lies sich J\u00fcrgen Sturm nicht zweimal bitten an diesem Konzert mitzuwirken. Das Urgestein deutscher Rockgeschichte \u00fcberzeugte wieder einmal an der Gitarre und mit seinem Gesang. Gemeinsam mit seiner Partnerin Mary Jane am Cajon intonierte er wundersch\u00f6ne Rockklassiker und sorgte f\u00fcr gute Stimmung. Das dankbare Publikum quittierte auch dies mit Applaus. Als er dann auch noch gemeinsam mit dem Stufenchor &#8222;Summer of 69&#8220; und seinen neusten Titel &#8222;Deine gr\u00fcne M\u00e4nnla&#8220; auff\u00fchrte, war das Publikum nicht mehr zu bremsen.<\/p>\n<p><img loading=\"lazy\" decoding=\"async\" src=\"https:\/\/www.musikschule-clauss.de\/wp-content\/uploads\/2014\/02\/Abi2013_Juergen-Sturm-und-Chor-1024x685-571x370.jpg\" width=\"571\" height=\"370\" title=\"J\u00fcrgen Sturm und der Abi-Chor\" alt=\"J\u00fcrgen Sturm und der Abi-Chor\"><\/p>\n<h3> J\u00fcrgen Sturm und der Abi-Chor<\/h3>\n<p><img loading=\"lazy\" decoding=\"async\" src=\"https:\/\/www.musikschule-clauss.de\/wp-content\/uploads\/2014\/02\/Abi2013_Juergen-Sturm-1024x685-571x300.jpg\" width=\"571\" height=\"300\" title=\"Ju00fcrgen Sturm und Mary Jane\" alt=\"Ju00fcrgen Sturm und Mary Jane\"><\/p>\n<h3> Ju00fcrgen Sturm und Mary Jane<\/h3>\n<p>Als kr\u00f6nender Abschluss \u00fcberzeugte der Stufenchor, gemeinsam mit Diplom Musiklehrer Gerd Clauss, mit dem Gospelsong &#8222;Oh happy day&#8220;. Hierbei wurde weder an Begeisterung noch an Bewegung gespart. Und so kamen die K\u00fcnstler nicht ohne die verdiente Zugabe von der B\u00fchne.<\/p>\n<p><img loading=\"lazy\" decoding=\"async\" src=\"https:\/\/www.musikschule-clauss.de\/wp-content\/uploads\/2014\/02\/Abi2013_Oh-happy-Day-1024x575-571x300.jpg\" width=\"571\" height=\"300\" title=\"Abi2013_Oh happy Day\" alt=\"Abi2013_Oh happy Day\" srcset=\"https:\/\/www.musikschule-clauss.de\/wp-content\/uploads\/2014\/02\/Abi2013_Oh-happy-Day-1024x575-571x300.jpg 571w, https:\/\/www.musikschule-clauss.de\/wp-content\/uploads\/2014\/02\/Abi2013_Oh-happy-Day-1024x575-570x300.jpg 570w\" sizes=\"auto, (max-width: 571px) 100vw, 571px\" \/><br \/>\n<img loading=\"lazy\" decoding=\"async\" src=\"https:\/\/www.musikschule-clauss.de\/wp-content\/uploads\/2014\/02\/Abi2013_Gerd-Clauss-21-1024x678-572x300.jpg\" width=\"572\" height=\"300\" title=\"Gerd Clauss bei &quot;Oh happy day&quot;\" alt=\"Gerd Clauss bei &quot;Oh happy day&quot;\"><\/p>\n<h3> Gerd Clauss bei &#8222;Oh happy day&#8220;<\/h3>\n<p><img loading=\"lazy\" decoding=\"async\" src=\"https:\/\/www.musikschule-clauss.de\/wp-content\/uploads\/2014\/02\/Abi2013_Acesoir1-1024x544-300x200.jpg\" width=\"300\" height=\"200\" title=\"Abi2013_Acesoir\" alt=\"Abi2013_Acesoir\">Zum Ausklang spielte die Band Acesoir einige Titel aus ihrem Repertoire.<\/p>\n<p>Ein Dank ging an alle Mitwirkenden, die Tontechniker, die Schulleitung, die Moderatoren und an J\u00fcrgen Sturm sowie Gerd Clauss f\u00fcr die Unterst\u00fctzung f\u00fcr dieses tolle Konzert.<\/p>\n<p>&nbsp;<\/p>\n<p><img loading=\"lazy\" decoding=\"async\" src=\"https:\/\/www.musikschule-clauss.de\/wp-content\/uploads\/2014\/02\/Abi2013_Abschluss1-1024x685-571x300.jpg\" width=\"571\" height=\"300\" title=\"Gro\u00dfes Finale beim Abi-Konzert 2013\" alt=\"Gro\u00dfes Finale beim Abi-Konzert 2013\"><\/p>\n<h3> Gro\u00dfes Finale beim Abi-Konzert 2013<\/h3>\n<p><!--\/themify_builder_static--><\/p>\n","protected":false},"excerpt":{"rendered":"<p>&nbsp; &nbsp; Das Gymnasium Neckartenzlingen ist inzwischen bekannt f\u00fcr hervorragende Konzerte der Abiturienten die nach dem schriftlichen Abitur stattfinden. Deshalb war es auch nicht verwunderlich, dass die komplette Aula schon lange vor Konzertbeginn mehr als voll war. Unser Musikschulleiter Gerd Clauss am Fl\u00fcgel Auf der B\u00fchne begr\u00fc\u00dften die Moderatoren Marvin Bacher und Lea Blickle die [&hellip;]<\/p>\n","protected":false},"author":1,"featured_media":0,"comment_status":"closed","ping_status":"open","sticky":false,"template":"","format":"standard","meta":{"footnotes":""},"categories":[1],"tags":[],"class_list":["post-197","post","type-post","status-publish","format-standard","hentry","category-home","has-post-title","has-post-date","has-post-category","has-post-tag","has-post-comment","has-post-author",""],"_links":{"self":[{"href":"https:\/\/www.musikschule-clauss.de\/index.php?rest_route=\/wp\/v2\/posts\/197","targetHints":{"allow":["GET"]}}],"collection":[{"href":"https:\/\/www.musikschule-clauss.de\/index.php?rest_route=\/wp\/v2\/posts"}],"about":[{"href":"https:\/\/www.musikschule-clauss.de\/index.php?rest_route=\/wp\/v2\/types\/post"}],"author":[{"embeddable":true,"href":"https:\/\/www.musikschule-clauss.de\/index.php?rest_route=\/wp\/v2\/users\/1"}],"replies":[{"embeddable":true,"href":"https:\/\/www.musikschule-clauss.de\/index.php?rest_route=%2Fwp%2Fv2%2Fcomments&post=197"}],"version-history":[{"count":8,"href":"https:\/\/www.musikschule-clauss.de\/index.php?rest_route=\/wp\/v2\/posts\/197\/revisions"}],"predecessor-version":[{"id":1232,"href":"https:\/\/www.musikschule-clauss.de\/index.php?rest_route=\/wp\/v2\/posts\/197\/revisions\/1232"}],"wp:attachment":[{"href":"https:\/\/www.musikschule-clauss.de\/index.php?rest_route=%2Fwp%2Fv2%2Fmedia&parent=197"}],"wp:term":[{"taxonomy":"category","embeddable":true,"href":"https:\/\/www.musikschule-clauss.de\/index.php?rest_route=%2Fwp%2Fv2%2Fcategories&post=197"},{"taxonomy":"post_tag","embeddable":true,"href":"https:\/\/www.musikschule-clauss.de\/index.php?rest_route=%2Fwp%2Fv2%2Ftags&post=197"}],"curies":[{"name":"wp","href":"https:\/\/api.w.org\/{rel}","templated":true}]}}